{"id":73,"date":"2024-06-04T18:31:32","date_gmt":"2024-06-04T18:31:32","guid":{"rendered":"https:\/\/mindfeeling.fi\/?p=73"},"modified":"2024-06-10T06:19:42","modified_gmt":"2024-06-10T06:19:42","slug":"tyoelama-ja-arki-haastavat-kognitiivista-toimintakykya-3-11-2023","status":"publish","type":"post","link":"https:\/\/mindfeeling.fi\/index.php\/2024\/06\/04\/tyoelama-ja-arki-haastavat-kognitiivista-toimintakykya-3-11-2023\/","title":{"rendered":"Ty\u00f6el\u00e4m\u00e4 ja arki haastavat kognitiivista toimintakyky\u00e4 (3.11.2023)"},"content":{"rendered":"\n<p>Blogiartikkelini, joka on kirjoitettu yhdess\u00e4 LABin hyvinvointiyksik\u00f6n lehtoreiden P\u00e4ivi Kousa ja Sari Soutukorva kanssa ja on julkaistu LAB Focus -blogissa 3.11.2023 kategoriassa healthosallisuus, ty\u00f6el\u00e4m\u00e4 ja turvallinen arki<\/p>\n\n\n\n<p><strong>Ty\u00f6el\u00e4m\u00e4 ja arki haastavat kognitiivista toimintakyky\u00e4<br><a href=\"https:\/\/blogit.lab.fi\/labfocus\/tyoelama-ja-arki-haastavat-kognitiivista-toimintakykya\/\" target=\"_blank\" rel=\"noreferrer noopener\">https:\/\/blogit.lab.fi\/labfocus\/tyoelama-ja-arki-haastavat-kognitiivista-toimintakykya\/<\/a><\/strong><\/p>\n\n\n\n<p>Kirjoittajat<\/p>\n\n\n\n<p><strong>Sari Summanen<\/strong>&nbsp;(MuM taidehallinto, AmO, artenomi AMK, mindfulness-ohjaaja, muistijoogaohjaaja) ty\u00f6skentelee suunnittelijaopettajana Kuopion kansalaisopistossa. H\u00e4n opiskeli LAB-ammattikorkeakoulun aivoterveyden edist\u00e4misen erikoistumisopinnoissa 2022\u20132023. H\u00e4n on kiinnostunut aivoterveydest\u00e4, hyvinvoinnista, kulttuurista ja kehitt\u00e4misest\u00e4.<\/p>\n\n\n\n<p><strong>P\u00e4ivi Kousa<\/strong>&nbsp;(th YAMK, AmO, tth) ty\u00f6skentelee LABin hyvinvointiyksik\u00f6ss\u00e4 lehtorina ja toimii aivoterveyden edist\u00e4minen -erikoistumiskoulutuksen toisena vastuuopettajana. H\u00e4nen mielenkiintonsa kohteena on aivoterveys, ty\u00f6kyvyn tuki ja ty\u00f6hyvinvointi.<\/p>\n\n\n\n<p><strong>Sari Soutukorva<\/strong>&nbsp;(TtM, AmO, ft) ty\u00f6skentelee LABin hyvinvointiyksik\u00f6ss\u00e4 lehtorina ja on aivoterveyden edist\u00e4minen -erikoistumiskoulutuksen 2022\u20132023 toinen vastuuopettaja. H\u00e4n on kiinnostunut ty\u00f6el\u00e4m\u00e4n tutkimisesta ja kehitt\u00e4misest\u00e4 aivoterveyden edist\u00e4misen n\u00e4k\u00f6kulmasta.<\/p>\n","protected":false},"excerpt":{"rendered":"<p>Blogiartikkelini, joka on kirjoitettu yhdess\u00e4 LABin hyvinvointiyksik\u00f6n lehtoreiden P\u00e4ivi Kousa ja Sari Soutukorva kanssa ja on julkaistu LAB Focus -blogissa 3.11.2023 kategoriassa healthosallisuus, ty\u00f6el\u00e4m\u00e4 ja turvallinen arki Ty\u00f6el\u00e4m\u00e4 ja arki haastavat kognitiivista toimintakyky\u00e4https:\/\/blogit.lab.fi\/labfocus\/tyoelama-ja-arki-haastavat-kognitiivista-toimintakykya\/ Kirjoittajat Sari Summanen&nbsp;(MuM taidehallinto, AmO, artenomi AMK, mindfulness-ohjaaja, muistijoogaohjaaja) ty\u00f6skentelee suunnittelijaopettajana Kuopion kansalaisopistossa. H\u00e4n opiskeli LAB-ammattikorkeakoulun aivoterveyden edist\u00e4misen erikoistumisopinnoissa 2022\u20132023. H\u00e4n on &hellip; <\/p>\n<p class=\"link-more\"><a href=\"https:\/\/mindfeeling.fi\/index.php\/2024\/06\/04\/tyoelama-ja-arki-haastavat-kognitiivista-toimintakykya-3-11-2023\/\" class=\"more-link\">Jatka lukemista<span class=\"screen-reader-text\"> &#8221;Ty\u00f6el\u00e4m\u00e4 ja arki haastavat kognitiivista toimintakyky\u00e4 (3.11.2023)&#8221;<\/span><\/a><\/p>\n","protected":false},"author":1,"featured_media":0,"comment_status":"open","ping_status":"open","sticky":false,"template":"","format":"standard","meta":{"footnotes":""},"categories":[13,15],"tags":[6,10,12,11],"class_list":["post-73","post","type-post","status-publish","format-standard","hentry","category-aivoterveyden-edistaminen","category-hyvinvoinnin-edistaminen","tag-artikkeli","tag-healthosallisuus","tag-turvallinen-arki","tag-tyoelama"],"_links":{"self":[{"href":"https:\/\/mindfeeling.fi\/index.php\/wp-json\/wp\/v2\/posts\/73","targetHints":{"allow":["GET"]}}],"collection":[{"href":"https:\/\/mindfeeling.fi\/index.php\/wp-json\/wp\/v2\/posts"}],"about":[{"href":"https:\/\/mindfeeling.fi\/index.php\/wp-json\/wp\/v2\/types\/post"}],"author":[{"embeddable":true,"href":"https:\/\/mindfeeling.fi\/index.php\/wp-json\/wp\/v2\/users\/1"}],"replies":[{"embeddable":true,"href":"https:\/\/mindfeeling.fi\/index.php\/wp-json\/wp\/v2\/comments?post=73"}],"version-history":[{"count":2,"href":"https:\/\/mindfeeling.fi\/index.php\/wp-json\/wp\/v2\/posts\/73\/revisions"}],"predecessor-version":[{"id":101,"href":"https:\/\/mindfeeling.fi\/index.php\/wp-json\/wp\/v2\/posts\/73\/revisions\/101"}],"wp:attachment":[{"href":"https:\/\/mindfeeling.fi\/index.php\/wp-json\/wp\/v2\/media?parent=73"}],"wp:term":[{"taxonomy":"category","embeddable":true,"href":"https:\/\/mindfeeling.fi\/index.php\/wp-json\/wp\/v2\/categories?post=73"},{"taxonomy":"post_tag","embeddable":true,"href":"https:\/\/mindfeeling.fi\/index.php\/wp-json\/wp\/v2\/tags?post=73"}],"curies":[{"name":"wp","href":"https:\/\/api.w.org\/{rel}","templated":true}]}}